{"id":253,"date":"2013-03-14T08:47:52","date_gmt":"2013-03-14T06:47:52","guid":{"rendered":"http:\/\/ez-und-geschlecht.podcast-kombinat.de\/?p=253"},"modified":"2013-03-15T17:03:40","modified_gmt":"2013-03-15T15:03:40","slug":"ezg-05-lisa-sofie-loeper-aktionsgemeinschaft-solidarische-welt","status":"publish","type":"post","link":"http:\/\/ez-und-geschlecht.podcast-kombinat.de\/?p=253","title":{"rendered":"EZG-05: Lisa Sofie Loeper &#8211; Aktionsgemeinschaft Solidarische Welt"},"content":{"rendered":"<p>Unser f\u00fcnftes und vorerst letztes Interview haben wir mit Lisa Sofie Loeper gef\u00fchrt. Frau Loeper ist derzeit Elternzeitvertretung f\u00fcr Imke-Friederike Tiemann im Afrikareferat der Aktionsgemeinschaft Solidarische Welt e.V (ASW). Das Interview fand aufgrund r\u00e4umlicher Engp\u00e4sse in einem Berliner Caf\u00e9 statt.<\/p>\n<p><div class=\"powerpress_player\" id=\"powerpress_player_9936\"><!--[if lt IE 9]><script>document.createElement('audio');<\/script><![endif]-->\n<audio class=\"wp-audio-shortcode\" id=\"audio-253-1\" preload=\"none\" style=\"width: 100%;\" controls=\"controls\"><source type=\"audio\/mpeg\" src=\"http:\/\/media.blubrry.com\/ezundgeschlecht\/podcast-kombinat.de\/podcasts\/ezundgeschlecht\/EZG-05_ASW.mp3?_=1\" \/><a href=\"http:\/\/media.blubrry.com\/ezundgeschlecht\/podcast-kombinat.de\/podcasts\/ezundgeschlecht\/EZG-05_ASW.mp3\">http:\/\/media.blubrry.com\/ezundgeschlecht\/podcast-kombinat.de\/podcasts\/ezundgeschlecht\/EZG-05_ASW.mp3<\/a><\/audio><\/div><br \/>\nDownload: <a href=\"http:\/\/media.blubrry.com\/ezundgeschlecht\/http:\/\/podcast-kombinat.de\/podcasts\/ezundgeschlecht\/EZG-05_ASW.mp3\">MP3<\/a>\/<a href=\"http:\/\/media.blubrry.com\/ezundgeschlecht\/http:\/\/podcast-kombinat.de\/podcasts\/ezundgeschlecht\/EZG-05_ASW.m4a\">ACC\u00a0<\/a>Abonnieren:\u00a0<a href=\"http:\/\/feeds.feedburner.com\/EntwicklungszusammenarbeitUndGeschlecht\">MP3-Feed<\/a><a href=\"http:\/\/media.blubrry.com\/ezundgeschlecht\/http:\/\/podcast-kombinat.de\/podcasts\/ezundgeschlecht\/EZG-02_Gudrun_Kopp.m4a\">\/<\/a><a href=\"http:\/\/feeds.feedburner.com\/EntwicklungszusammenarbeitUndGeschlechtAacFeed\">AAC-Feed<br \/>\n<\/a>Lizenz:<a href=\"http:\/\/feeds.feedburner.com\/EntwicklungszusammenarbeitUndGeschlechtAacFeed\">\u00a0<\/a><a href=\"https:\/\/creativecommons.org\/licenses\/by-sa\/3.0\/de\/\">Creative Commons BY-SA 3.0<\/a><a href=\"http:\/\/media.blubrry.com\/ezundgeschlecht\/http:\/\/podcast-kombinat.de\/podcasts\/ezundgeschlecht\/EZG-02_Gudrun_Kopp.m4a\"><br \/>\n<\/a><\/p>\n<p><strong>Kapitel:<\/strong><\/p>\n<p>0:00:00 Vorstellung<br \/>\n0:00:30 Arbeitsweise der Aktionsgemeinschaft Solidarische Welt e.V.<br \/>\n0:02:20 Aufgaben als Referentin f\u00fcr s\u00fcdliches Afrika<br \/>\n0:03:40 Projektgewinnung<br \/>\n0:04:50 Kriterien der Projektauswahl<br \/>\n0:06:30 Organisationsstruktur der ASW<br \/>\n0:10:05 Schwerpunktsetzung in der Projektauswahl<br \/>\n0:11:45 Definition von Geschlecht<br \/>\n0:14:20 Konkretes Beispiel f\u00fcr die Integration von Geschlecht in ein Umweltprojekt<br \/>\n0:19:00 M\u00e4nner als Zielgruppe f\u00fcr Geschlechterprojekte<br \/>\n0:21:35 Regionale Unterschiede in der Integration der Geschlechterperspektive in Projekten<br \/>\n0:25:25 Beachtung von Geschlecht als kleinere NGO leichter\/schwerer?<br \/>\n0:27:20 Kontaktaufbau zu Partner NGOs<br \/>\n0:32:05 Was bedeutet Geschlechtergerechtigkeit<br \/>\n0:33:43 Unterschiede in der Arbeit der Aktionsgemeinschaft solidarische Welt<br \/>\n0:38:45 Chancen und M\u00f6glichkeiten in der EZ<\/p>\n<p>Wir w\u00fcnschen euch viel Spa\u00df beim Zuh\u00f6ren!<\/p>\n","protected":false},"excerpt":{"rendered":"<p>Unser f\u00fcnftes und vorerst letztes Interview haben wir mit Lisa Sofie Loeper gef\u00fchrt. Frau Loeper ist derzeit Elternzeitvertretung f\u00fcr Imke-Friederike Tiemann im Afrikareferat der Aktionsgemeinschaft Solidarische Welt e.V (ASW). Das Interview fand aufgrund r\u00e4umlicher Engp\u00e4sse in einem Berliner Caf\u00e9 statt. &hellip; <a href=\"http:\/\/ez-und-geschlecht.podcast-kombinat.de\/?p=253\">Weiterlesen <span class=\"meta-nav\">&rarr;<\/span><\/a><\/p>\n","protected":false},"author":11,"featured_media":0,"comment_status":"closed","ping_status":"open","sticky":false,"template":"","format":"standard","meta":{"footnotes":""},"categories":[3],"tags":[],"class_list":["post-253","post","type-post","status-publish","format-standard","hentry","category-interview"],"_links":{"self":[{"href":"http:\/\/ez-und-geschlecht.podcast-kombinat.de\/index.php?rest_route=\/wp\/v2\/posts\/253","targetHints":{"allow":["GET"]}}],"collection":[{"href":"http:\/\/ez-und-geschlecht.podcast-kombinat.de\/index.php?rest_route=\/wp\/v2\/posts"}],"about":[{"href":"http:\/\/ez-und-geschlecht.podcast-kombinat.de\/index.php?rest_route=\/wp\/v2\/types\/post"}],"author":[{"embeddable":true,"href":"http:\/\/ez-und-geschlecht.podcast-kombinat.de\/index.php?rest_route=\/wp\/v2\/users\/11"}],"replies":[{"embeddable":true,"href":"http:\/\/ez-und-geschlecht.podcast-kombinat.de\/index.php?rest_route=%2Fwp%2Fv2%2Fcomments&post=253"}],"version-history":[{"count":7,"href":"http:\/\/ez-und-geschlecht.podcast-kombinat.de\/index.php?rest_route=\/wp\/v2\/posts\/253\/revisions"}],"predecessor-version":[{"id":262,"href":"http:\/\/ez-und-geschlecht.podcast-kombinat.de\/index.php?rest_route=\/wp\/v2\/posts\/253\/revisions\/262"}],"wp:attachment":[{"href":"http:\/\/ez-und-geschlecht.podcast-kombinat.de\/index.php?rest_route=%2Fwp%2Fv2%2Fmedia&parent=253"}],"wp:term":[{"taxonomy":"category","embeddable":true,"href":"http:\/\/ez-und-geschlecht.podcast-kombinat.de\/index.php?rest_route=%2Fwp%2Fv2%2Fcategories&post=253"},{"taxonomy":"post_tag","embeddable":true,"href":"http:\/\/ez-und-geschlecht.podcast-kombinat.de\/index.php?rest_route=%2Fwp%2Fv2%2Ftags&post=253"}],"curies":[{"name":"wp","href":"https:\/\/api.w.org\/{rel}","templated":true}]}}