{"id":214,"date":"2012-10-15T01:13:19","date_gmt":"2012-10-14T23:13:19","guid":{"rendered":"http:\/\/ez-und-geschlecht.podcast-kombinat.de\/?p=214"},"modified":"2012-10-15T01:13:19","modified_gmt":"2012-10-14T23:13:19","slug":"ezg-03-sabine-gurtner-giz-2","status":"publish","type":"post","link":"http:\/\/ez-und-geschlecht.podcast-kombinat.de\/?p=214","title":{"rendered":"EZG-03: Sabine G\u00fcrtner &#8211; GIZ"},"content":{"rendered":"<p>In unseren dritten Interview sprechen wir mit Sabine G\u00fcrtner \u00fcber die Arbeit der <a href=\"http:\/\/www.giz.de\/\">Deutschen Gesellschaft f\u00fcr internationale Zusammenarbeit<\/a>. Wir waren daf\u00fcr in dem Bonner B\u00fcro der GIZ und freuen uns. dass sich Frau G\u00fcrtner so viel Zeit f\u00fcr uns genommen hat. Der Schwerpunkt liegt wie in den vorangegangenen Teilen nat\u00fcrlich auf dem Themenkomplex geschlechtergerechte Entwicklungszusammenarbeit.<\/p>\n<p><div class=\"powerpress_player\" id=\"powerpress_player_4349\"><!--[if lt IE 9]><script>document.createElement('audio');<\/script><![endif]-->\n<audio class=\"wp-audio-shortcode\" id=\"audio-214-1\" preload=\"none\" style=\"width: 100%;\" controls=\"controls\"><source type=\"audio\/mpeg\" src=\"http:\/\/media.blubrry.com\/ezundgeschlecht\/podcast-kombinat.de\/podcasts\/ezundgeschlecht\/EZG-03_Sabine_Guertner.mp3?_=1\" \/><a href=\"http:\/\/media.blubrry.com\/ezundgeschlecht\/podcast-kombinat.de\/podcasts\/ezundgeschlecht\/EZG-03_Sabine_Guertner.mp3\">http:\/\/media.blubrry.com\/ezundgeschlecht\/podcast-kombinat.de\/podcasts\/ezundgeschlecht\/EZG-03_Sabine_Guertner.mp3<\/a><\/audio><\/div><br \/>\nDownload: <a href=\"http:\/\/podcast-kombinat.de\/podcasts\/ezundgeschlecht\/EZG-03_Sabine_Guertner.mp3\">MP3<\/a>\/<a href=\"http:\/\/podcast-kombinat.de\/podcasts\/ezundgeschlecht\/EZG-03_Sabine_Guertner.m4a\">ACC\u00a0<\/a>Abonnieren:\u00a0<a href=\"http:\/\/feeds.feedburner.com\/EntwicklungszusammenarbeitUndGeschlecht\">MP3-Feed<\/a><a href=\"http:\/\/media.blubrry.com\/ezundgeschlecht\/http:\/\/podcast-kombinat.de\/podcasts\/ezundgeschlecht\/EZG-02_Gudrun_Kopp.m4a\">\/<\/a><a href=\"http:\/\/feeds.feedburner.com\/EntwicklungszusammenarbeitUndGeschlechtAacFeed\">AAC-Feed<br \/>\n<\/a>Lizenz:<a href=\"http:\/\/feeds.feedburner.com\/EntwicklungszusammenarbeitUndGeschlechtAacFeed\">\u00a0<\/a><a href=\"https:\/\/creativecommons.org\/licenses\/by-sa\/3.0\/de\/\">Creative Commons BY-SA 3.0<\/a><a href=\"http:\/\/media.blubrry.com\/ezundgeschlecht\/http:\/\/podcast-kombinat.de\/podcasts\/ezundgeschlecht\/EZG-02_Gudrun_Kopp.m4a\"><br \/>\n<\/a><\/p>\n<p><strong>Kapitel:<\/strong><\/p>\n<ul>\n<li>0:00:00 Vorstellung<\/li>\n<li>0:01:00 Biografisches zu Sabine G\u00fcrtner<\/li>\n<li>0:03:00 Aufgabe der Sektorprogramme<\/li>\n<li>0:08:00 Unterschied zu anderen Akteuren der Entwicklungszusammenarbeit<\/li>\n<li>0:13:00 Aufbau der GIZ und gewandeltes Aufgabengebiet mit der Organisationszusammenlegung (<a href=\"http:\/\/www.giz.de\/de\/ueber_die_giz\/279.html\">Organigramm<\/a>)<\/li>\n<li>0:20:00 Systematische Integration der Geschlechterperspektive und Bedeutung von Geschlecht in der Arbeit der GIZ<\/li>\n<li>0:23:00 Monitoring von Ma\u00dfnahmen zur Integration der Geschlechterperspektive in der Arbeit der GIZ<\/li>\n<li>0:26:30 Sanktionsm\u00f6glichkeiten in Bezug auf die Verwirklichung von Geschlechtergerechtigkeit<\/li>\n<li>0:30:00 Ideale geschlechtergerechte Entwicklungszusammenarbeit<\/li>\n<li>0:37:15 Definition von Geschlecht und Ber\u00fccksichtigung von LGBT-Rechten<\/li>\n<li>0:39:00 Steuerungsmechanismen zur F\u00f6rderung geschlechtergerechter Entwicklungszusammenarbeit<\/li>\n<li>0:42:30 Richtlinien vom BMZ bez\u00fcglich der Integration von Geschlecht<\/li>\n<li>0:44:30 Entwicklung der Bedeutung geschlechtergerechter Entwicklungszusammenarbeit<\/li>\n<li>0:50:00 Ma\u00dfnahmen der Erfolgsmessung<\/li>\n<li>0:53:40 Konkrete Beispiele geschlechtergerechter Entwicklungsprojekte<\/li>\n<li>0:59:00 Zuk\u00fcnftige Herausforderungen geschlechtergerechter\u00a0\u00a0\u00a0\u00a0 Entwicklungszusammenarbeit<\/li>\n<\/ul>\n<p>Wir w\u00fcnschen euch viel Spa\u00df beim Zuh\u00f6ren!<\/p>\n","protected":false},"excerpt":{"rendered":"<p>In unseren dritten Interview sprechen wir mit Sabine G\u00fcrtner \u00fcber die Arbeit der Deutschen Gesellschaft f\u00fcr internationale Zusammenarbeit. Wir waren daf\u00fcr in dem Bonner B\u00fcro der GIZ und freuen uns. dass sich Frau G\u00fcrtner so viel Zeit f\u00fcr uns genommen &hellip; <a href=\"http:\/\/ez-und-geschlecht.podcast-kombinat.de\/?p=214\">Weiterlesen <span class=\"meta-nav\">&rarr;<\/span><\/a><\/p>\n","protected":false},"author":11,"featured_media":0,"comment_status":"open","ping_status":"open","sticky":false,"template":"","format":"standard","meta":{"footnotes":""},"categories":[3],"tags":[7,10,15,17,24,19,20],"class_list":["post-214","post","type-post","status-publish","format-standard","hentry","category-interview","tag-entwicklungszusammenarbeit","tag-gender","tag-geschlechtergerechtigkeit","tag-giz","tag-interview","tag-sabine-gurtner","tag-sektorprogramm-gleichberechtigung-und-frauenrechte-fordern"],"_links":{"self":[{"href":"http:\/\/ez-und-geschlecht.podcast-kombinat.de\/index.php?rest_route=\/wp\/v2\/posts\/214","targetHints":{"allow":["GET"]}}],"collection":[{"href":"http:\/\/ez-und-geschlecht.podcast-kombinat.de\/index.php?rest_route=\/wp\/v2\/posts"}],"about":[{"href":"http:\/\/ez-und-geschlecht.podcast-kombinat.de\/index.php?rest_route=\/wp\/v2\/types\/post"}],"author":[{"embeddable":true,"href":"http:\/\/ez-und-geschlecht.podcast-kombinat.de\/index.php?rest_route=\/wp\/v2\/users\/11"}],"replies":[{"embeddable":true,"href":"http:\/\/ez-und-geschlecht.podcast-kombinat.de\/index.php?rest_route=%2Fwp%2Fv2%2Fcomments&post=214"}],"version-history":[{"count":19,"href":"http:\/\/ez-und-geschlecht.podcast-kombinat.de\/index.php?rest_route=\/wp\/v2\/posts\/214\/revisions"}],"predecessor-version":[{"id":239,"href":"http:\/\/ez-und-geschlecht.podcast-kombinat.de\/index.php?rest_route=\/wp\/v2\/posts\/214\/revisions\/239"}],"wp:attachment":[{"href":"http:\/\/ez-und-geschlecht.podcast-kombinat.de\/index.php?rest_route=%2Fwp%2Fv2%2Fmedia&parent=214"}],"wp:term":[{"taxonomy":"category","embeddable":true,"href":"http:\/\/ez-und-geschlecht.podcast-kombinat.de\/index.php?rest_route=%2Fwp%2Fv2%2Fcategories&post=214"},{"taxonomy":"post_tag","embeddable":true,"href":"http:\/\/ez-und-geschlecht.podcast-kombinat.de\/index.php?rest_route=%2Fwp%2Fv2%2Ftags&post=214"}],"curies":[{"name":"wp","href":"https:\/\/api.w.org\/{rel}","templated":true}]}}