{"id":162,"date":"2012-09-12T13:28:45","date_gmt":"2012-09-12T11:28:45","guid":{"rendered":"http:\/\/ez-und-geschlecht.podcast-kombinat.de\/?p=162"},"modified":"2012-10-02T19:24:55","modified_gmt":"2012-10-02T17:24:55","slug":"fragenkatalog-ezg-03-sabine-gurtner-giz","status":"publish","type":"post","link":"http:\/\/ez-und-geschlecht.podcast-kombinat.de\/?p=162","title":{"rendered":"Fragenkatalog EZG-03: Sabine G\u00fcrtner &#8211; GIZ"},"content":{"rendered":"<p>In knapp einer Woche f\u00fchren wir unser drittes Interview. Wir sprechen dann mit Sabine G\u00fcrtner, der Leiterin des Sektorprogramms &#8222;Gleichberechtigung und Frauenrechte f\u00f6rdern&#8220; der Deutschen Gesellschaft f\u00fcr Internationale Zusammenarbeit (GIZ).<\/p>\n<p>Die GIZ ist eine staatliche Entwicklungszusammenarbeitsorganisation mit mehreren tausend MitarbeiterInnen im In- und\u00a0 Ausland, welches im Auftrag des Bundesministeriums f\u00fcr wirtschaftliche Zusammenarbeit und Entwicklung aber auch anderer Bundesressorts im Bereich der internationalen Zusammenarbeit t\u00e4tig ist.<\/p>\n<p>Den Schwerpunkt dieses Interviews werden konkrete Ma\u00dfnahmen zur Implementation der Dimension Geschlecht in die Entwicklungszusammenarbeit bilden.<\/p>\n<p>Vorl\u00e4ufiger Fragenkatalog:<\/p>\n<div id=\"magicdomid5493\">\n<ul>\n<li>K\u00f6nnten Sie uns zu Beginn erl\u00e4utern, was Ihre Aufgaben als Leiterin des GIZ-Sektorprogramms &#8222;Gleichberechtigung und Frauenrechte f\u00f6rdern&#8220; sind?<\/li>\n<li>Unterscheidet sich die Entwicklungszusammenarbeit einer staatlichen Organisation wie der GIZ von der Entwicklungszusammenarbeit anderer Akteure?<\/li>\n<li>Wie ist die GIZ als Organisation strukturiert?<\/li>\n<li>Welche Position nehmen die thematischen Sektoren (wie z.B. &#8222;Gleichberechtigung und Frauenrechte f\u00f6rdern&#8220;) in der Arbeit der GIZ ein?<\/li>\n<li>Gibt es eine systematische Integration der Geschlechterperspektive in der Entwicklungszusammenarbeit der GIZ? Welchen Stellenwert hat die Integration der Geschlechterperspektive?<\/li>\n<li>Wie kontrollieren Sie, dass die Geschlechterperspektive in den einzelnen Bereichen und Vorhaben beachtet wird?<\/li>\n<li>Wie definieren Sie Geschlecht?<\/li>\n<li>Wie sieht f\u00fcr die GIZ geschlechtergerechte Entwicklungszusammenarbeit aus?<\/li>\n<li>Welche Steuermechanismen hat die GIZ um geschlechtergerechte Entwicklungszusammenarbeit in seinen allgemeinen Projekten zu f\u00f6rdern?<\/li>\n<li>Welche Vorgaben bekommen Sie vom BMZ in Bezug auf geschlechtergerechte Entwicklungszusammenarbeit und welchen Einfluss haben diese auf Ihre Arbeit?<\/li>\n<li>Wie ist Ihr Sektor &#8222;Gleichberechtigung und Frauenrechte f\u00f6rdern&#8220; im Vergleich zu anderen Sektoren personell und finanziell ausgestattet?<\/li>\n<li>Wie messen Sie den Erfolg Ihrer Arbeit?<\/li>\n<li>K\u00f6nnten Sie uns die Integration der Geschlechterperspektive in die Entwicklungszusammenarbeit an einem Ihrer Projekte exemplarisch erl\u00e4utern?<\/li>\n<li>Wir haben uns bisher vorallem mit der Geschlechterperspektive in der Entwicklungszusammenarbeit auseinandergesetzt. Wie sch\u00e4tzen Sie denn die Situation innerhalb der GIZ ein?<\/li>\n<li>Welche Chancen und M\u00f6glichkeiten sehen Sie in der Zukunft bez\u00fcglich geschlechtergerechter Entwicklungszusammenarbeit?<\/li>\n<\/ul>\n<\/div>\n<p>Wir freuen uns auf Vorschl\u00e4ge zu weiteren oder erg\u00e4nzenden Fragen!<\/p>\n","protected":false},"excerpt":{"rendered":"<p>In knapp einer Woche f\u00fchren wir unser drittes Interview. Wir sprechen dann mit Sabine G\u00fcrtner, der Leiterin des Sektorprogramms &#8222;Gleichberechtigung und Frauenrechte f\u00f6rdern&#8220; der Deutschen Gesellschaft f\u00fcr Internationale Zusammenarbeit (GIZ). Die GIZ ist eine staatliche Entwicklungszusammenarbeitsorganisation mit mehreren tausend MitarbeiterInnen &hellip; <a href=\"http:\/\/ez-und-geschlecht.podcast-kombinat.de\/?p=162\">Weiterlesen <span class=\"meta-nav\">&rarr;<\/span><\/a><\/p>\n","protected":false},"author":11,"featured_media":0,"comment_status":"open","ping_status":"open","sticky":false,"template":"","format":"standard","meta":{"footnotes":""},"categories":[4],"tags":[16,7,25,10,9,17,20],"class_list":["post-162","post","type-post","status-publish","format-standard","hentry","category-fragenkatalog","tag-deutsche-gesellschaft-fur-internationale-zusammenarbeit","tag-entwicklungszusammenarbeit","tag-fragenkatalog","tag-gender","tag-geschlecht","tag-giz","tag-sektorprogramm-gleichberechtigung-und-frauenrechte-fordern"],"_links":{"self":[{"href":"http:\/\/ez-und-geschlecht.podcast-kombinat.de\/index.php?rest_route=\/wp\/v2\/posts\/162","targetHints":{"allow":["GET"]}}],"collection":[{"href":"http:\/\/ez-und-geschlecht.podcast-kombinat.de\/index.php?rest_route=\/wp\/v2\/posts"}],"about":[{"href":"http:\/\/ez-und-geschlecht.podcast-kombinat.de\/index.php?rest_route=\/wp\/v2\/types\/post"}],"author":[{"embeddable":true,"href":"http:\/\/ez-und-geschlecht.podcast-kombinat.de\/index.php?rest_route=\/wp\/v2\/users\/11"}],"replies":[{"embeddable":true,"href":"http:\/\/ez-und-geschlecht.podcast-kombinat.de\/index.php?rest_route=%2Fwp%2Fv2%2Fcomments&post=162"}],"version-history":[{"count":17,"href":"http:\/\/ez-und-geschlecht.podcast-kombinat.de\/index.php?rest_route=\/wp\/v2\/posts\/162\/revisions"}],"predecessor-version":[{"id":204,"href":"http:\/\/ez-und-geschlecht.podcast-kombinat.de\/index.php?rest_route=\/wp\/v2\/posts\/162\/revisions\/204"}],"wp:attachment":[{"href":"http:\/\/ez-und-geschlecht.podcast-kombinat.de\/index.php?rest_route=%2Fwp%2Fv2%2Fmedia&parent=162"}],"wp:term":[{"taxonomy":"category","embeddable":true,"href":"http:\/\/ez-und-geschlecht.podcast-kombinat.de\/index.php?rest_route=%2Fwp%2Fv2%2Fcategories&post=162"},{"taxonomy":"post_tag","embeddable":true,"href":"http:\/\/ez-und-geschlecht.podcast-kombinat.de\/index.php?rest_route=%2Fwp%2Fv2%2Ftags&post=162"}],"curies":[{"name":"wp","href":"https:\/\/api.w.org\/{rel}","templated":true}]}}