{"id":147,"date":"2012-09-02T13:25:06","date_gmt":"2012-09-02T11:25:06","guid":{"rendered":"http:\/\/ez-und-geschlecht.podcast-kombinat.de\/?p=147"},"modified":"2012-09-02T18:36:41","modified_gmt":"2012-09-02T16:36:41","slug":"ezg-02-gudrun-kopp-bundesministerium-fur-wirtschaftliche-zusammenarbeit-und-entwicklung","status":"publish","type":"post","link":"http:\/\/ez-und-geschlecht.podcast-kombinat.de\/?p=147","title":{"rendered":"EZG-02: Gudrun Kopp &#8211; Bundesministerium f\u00fcr wirtschaftliche Zusammenarbeit und Entwicklung"},"content":{"rendered":"<div id=\"attachment_117\" style=\"width: 195px\" class=\"wp-caption alignright\"><a href=\"http:\/\/ez-und-geschlecht.podcast-kombinat.de\/files\/2012\/08\/gudrun-kopp.jpg\"><img loading=\"lazy\" decoding=\"async\" aria-describedby=\"caption-attachment-117\" class=\" wp-image-117 \" title=\"Gudrun Kopp\" src=\"http:\/\/ez-und-geschlecht.podcast-kombinat.de\/files\/2012\/08\/gudrun-kopp-231x300.jpg\" alt=\"\" width=\"185\" height=\"240\" srcset=\"http:\/\/ez-und-geschlecht.podcast-kombinat.de\/files\/2012\/08\/gudrun-kopp-231x300.jpg 231w, http:\/\/ez-und-geschlecht.podcast-kombinat.de\/files\/2012\/08\/gudrun-kopp-789x1024.jpg 789w, http:\/\/ez-und-geschlecht.podcast-kombinat.de\/files\/2012\/08\/gudrun-kopp.jpg 1471w\" sizes=\"auto, (max-width: 185px) 100vw, 185px\" \/><\/a><p id=\"caption-attachment-117\" class=\"wp-caption-text\">Gudrun Kopp<br \/>\u00a9 Bundestagsfraktion FDP\/Frank Ossenbrink<\/p><\/div>\n<p>Unser zweites Interview haben wir mit Gudrun Kopp gef\u00fchrt, der Parlamentarischen Staatssekret\u00e4rin im Bundesministerium f\u00fcr wirtschaftliche Zusammenarbeit und Entwicklung. Aufgrund des straffen Zeitplans von Frau Kopp hat unser Interview dieses Mal nur knapp eine halbe Stunde gedauert.<\/p>\n<p><strong>Shownotes:<\/strong><\/p>\n<ul>\n<li><a href=\"http:\/\/www.gudrun-kopp.de\/\">Gudrun Kopp<\/a><\/li>\n<li><a href=\"http:\/\/www.bmz.de\/\">Bundesministerium f\u00fcr wirtschaftliche Zusammenarbeit und Entwicklung<\/a><\/li>\n<li><a href=\"http:\/\/www.bmz.de\/de\/ministerium\/dokumente\/organisationsplan.pdf\">\u00dcbersicht der Referate des BMZ<br \/>\n<\/a>(Stand 02.09.2012)<\/li>\n<\/ul>\n<p><strong>Themen:<\/strong><\/p>\n<ul>\n<li>0:00 Vorstellung<\/li>\n<li>0:21 Aufgaben als parlamentarische Staatssekret\u00e4rin im BMZ<\/li>\n<li>0:47\u00a0Systematische Integration der Geschlechterperspektive in die Arbeit des BMZ<\/li>\n<li>2:02 Definition des BMZ von &#8222;Geschlecht&#8220;<\/li>\n<li>3:28\u00a0Defizite in der Entwicklungszusammenarbeit<\/li>\n<li>6:42 Steuermechanismen des BMZ<\/li>\n<li>8:00 Gendergerechtigkeit als Querschnittsaufgabe<\/li>\n<li>11:10 Beachtung und F\u00f6rderung von &#8222;sexuellen Minderheiten&#8220; (LGBT)<\/li>\n<li>14:05\u00a0Kriterien der Zusammenarbeit mit NGOs und der Wirtschaft<\/li>\n<li>18:23\u00a0Chancen und M\u00f6glichkeiten f\u00fcr eine geschlechtergerechte Entwicklungszusammenarbeit<\/li>\n<\/ul>\n<div class=\"powerpress_player\" id=\"powerpress_player_2245\"><!--[if lt IE 9]><script>document.createElement('audio');<\/script><![endif]-->\n<audio class=\"wp-audio-shortcode\" id=\"audio-147-1\" preload=\"none\" style=\"width: 100%;\" controls=\"controls\"><source type=\"audio\/mpeg\" src=\"http:\/\/media.blubrry.com\/ezundgeschlecht\/podcast-kombinat.de\/podcasts\/ezundgeschlecht\/EZG-02_Gudrun_Kopp.mp3?_=1\" \/><a href=\"http:\/\/media.blubrry.com\/ezundgeschlecht\/podcast-kombinat.de\/podcasts\/ezundgeschlecht\/EZG-02_Gudrun_Kopp.mp3\">http:\/\/media.blubrry.com\/ezundgeschlecht\/podcast-kombinat.de\/podcasts\/ezundgeschlecht\/EZG-02_Gudrun_Kopp.mp3<\/a><\/audio><\/div>\n<p>Download: <a href=\"http:\/\/media.blubrry.com\/ezundgeschlecht\/http:\/\/podcast-kombinat.de\/podcasts\/ezundgeschlecht\/EZG-02_Gudrun_Kopp.mp3\">MP3<\/a>\/<a href=\"http:\/\/media.blubrry.com\/ezundgeschlecht\/http:\/\/podcast-kombinat.de\/podcasts\/ezundgeschlecht\/EZG-02_Gudrun_Kopp.m4a\">ACC\u00a0<\/a>Abonnieren:\u00a0<a href=\"http:\/\/feeds.feedburner.com\/EntwicklungszusammenarbeitUndGeschlecht\">MP3-Feed<\/a><a href=\"http:\/\/media.blubrry.com\/ezundgeschlecht\/http:\/\/podcast-kombinat.de\/podcasts\/ezundgeschlecht\/EZG-02_Gudrun_Kopp.m4a\">\/<\/a><a href=\"http:\/\/feeds.feedburner.com\/EntwicklungszusammenarbeitUndGeschlechtAacFeed\">AAC-Feed<br \/>\n<\/a>Lizenz:<a href=\"http:\/\/feeds.feedburner.com\/EntwicklungszusammenarbeitUndGeschlechtAacFeed\">\u00a0<\/a><a href=\"https:\/\/creativecommons.org\/licenses\/by-sa\/3.0\/de\/\">Creative Commons BY-SA 3.0<\/a><a href=\"http:\/\/media.blubrry.com\/ezundgeschlecht\/http:\/\/podcast-kombinat.de\/podcasts\/ezundgeschlecht\/EZG-02_Gudrun_Kopp.m4a\"><br \/>\n<\/a><\/p>\n<p>Wir w\u00fcnschen euch viel Spa\u00df beim Anh\u00f6ren!<\/p>\n","protected":false},"excerpt":{"rendered":"<p>Unser zweites Interview haben wir mit Gudrun Kopp gef\u00fchrt, der Parlamentarischen Staatssekret\u00e4rin im Bundesministerium f\u00fcr wirtschaftliche Zusammenarbeit und Entwicklung. Aufgrund des straffen Zeitplans von Frau Kopp hat unser Interview dieses Mal nur knapp eine halbe Stunde gedauert. Shownotes: Gudrun Kopp &hellip; <a href=\"http:\/\/ez-und-geschlecht.podcast-kombinat.de\/?p=147\">Weiterlesen <span class=\"meta-nav\">&rarr;<\/span><\/a><\/p>\n","protected":false},"author":1,"featured_media":0,"comment_status":"open","ping_status":"open","sticky":false,"template":"","format":"standard","meta":{"footnotes":""},"categories":[3],"tags":[13,10,9,15,12,14],"class_list":["post-147","post","type-post","status-publish","format-standard","hentry","category-interview","tag-bmz","tag-gender","tag-geschlecht","tag-geschlechtergerechtigkeit","tag-gudrun-kopp","tag-staatlich"],"_links":{"self":[{"href":"http:\/\/ez-und-geschlecht.podcast-kombinat.de\/index.php?rest_route=\/wp\/v2\/posts\/147","targetHints":{"allow":["GET"]}}],"collection":[{"href":"http:\/\/ez-und-geschlecht.podcast-kombinat.de\/index.php?rest_route=\/wp\/v2\/posts"}],"about":[{"href":"http:\/\/ez-und-geschlecht.podcast-kombinat.de\/index.php?rest_route=\/wp\/v2\/types\/post"}],"author":[{"embeddable":true,"href":"http:\/\/ez-und-geschlecht.podcast-kombinat.de\/index.php?rest_route=\/wp\/v2\/users\/1"}],"replies":[{"embeddable":true,"href":"http:\/\/ez-und-geschlecht.podcast-kombinat.de\/index.php?rest_route=%2Fwp%2Fv2%2Fcomments&post=147"}],"version-history":[{"count":15,"href":"http:\/\/ez-und-geschlecht.podcast-kombinat.de\/index.php?rest_route=\/wp\/v2\/posts\/147\/revisions"}],"predecessor-version":[{"id":161,"href":"http:\/\/ez-und-geschlecht.podcast-kombinat.de\/index.php?rest_route=\/wp\/v2\/posts\/147\/revisions\/161"}],"wp:attachment":[{"href":"http:\/\/ez-und-geschlecht.podcast-kombinat.de\/index.php?rest_route=%2Fwp%2Fv2%2Fmedia&parent=147"}],"wp:term":[{"taxonomy":"category","embeddable":true,"href":"http:\/\/ez-und-geschlecht.podcast-kombinat.de\/index.php?rest_route=%2Fwp%2Fv2%2Fcategories&post=147"},{"taxonomy":"post_tag","embeddable":true,"href":"http:\/\/ez-und-geschlecht.podcast-kombinat.de\/index.php?rest_route=%2Fwp%2Fv2%2Ftags&post=147"}],"curies":[{"name":"wp","href":"https:\/\/api.w.org\/{rel}","templated":true}]}}