{"id":113,"date":"2012-08-03T15:29:51","date_gmt":"2012-08-03T13:29:51","guid":{"rendered":"http:\/\/ez-und-geschlecht.podcast-kombinat.de\/?p=113"},"modified":"2012-09-20T14:42:03","modified_gmt":"2012-09-20T12:42:03","slug":"fragenkatalog-ezg-02-gudrun-kopp-bmz","status":"publish","type":"post","link":"http:\/\/ez-und-geschlecht.podcast-kombinat.de\/?p=113","title":{"rendered":"Fragenkatalog EZG-02: Gudrun Kopp \u2013\u00a0BMZ"},"content":{"rendered":"<div id=\"attachment_117\" style=\"width: 177px\" class=\"wp-caption alignright\"><a href=\"http:\/\/ez-und-geschlecht.podcast-kombinat.de\/files\/2012\/08\/gudrun-kopp.jpg\"><img loading=\"lazy\" decoding=\"async\" aria-describedby=\"caption-attachment-117\" class=\" wp-image-117     \" title=\"Gudrun Kopp\" src=\"http:\/\/ez-und-geschlecht.podcast-kombinat.de\/files\/2012\/08\/gudrun-kopp-231x300.jpg\" alt=\"\" width=\"167\" height=\"216\" srcset=\"http:\/\/ez-und-geschlecht.podcast-kombinat.de\/files\/2012\/08\/gudrun-kopp-231x300.jpg 231w, http:\/\/ez-und-geschlecht.podcast-kombinat.de\/files\/2012\/08\/gudrun-kopp-789x1024.jpg 789w, http:\/\/ez-und-geschlecht.podcast-kombinat.de\/files\/2012\/08\/gudrun-kopp.jpg 1471w\" sizes=\"auto, (max-width: 167px) 100vw, 167px\" \/><\/a><p id=\"caption-attachment-117\" class=\"wp-caption-text\">Gudrun Kopp (FDP)<br \/>BMZ &#8211; Parlamentarische Staatssekret\u00e4rin <br \/>Foto: Frank Ossenbrink<\/p><\/div>\n<p>Am 28. August sprechen wir mit der Parlamentarischen Staatssekret\u00e4rin <a href=\"http:\/\/www.bmz.de\/de\/ministerium\/leitung\/kopp\/index.html\">Gudrun Kopp<\/a> (<a href=\"http:\/\/www.gudrun-kopp.de\/Persoenlich\/71b23\/index.html\">FDP<\/a>) \u00a0des Bundesministerium f\u00fcr wirtschaftliche Zusammenarbeit und Entwicklung\u00a0\u00fcber die Bedeutung von Geschlecht in der deutschen Entwicklungszusammenarbeit.<\/p>\n<p>Wie bereits bei dem Interview von <a title=\"EZG-01: Thilo Hoppe \u2013 Ausschuss f\u00fcr wirtschaftliche Zusammenarbeit und Entwicklung\" href=\"http:\/\/ez-und-geschlecht.podcast-kombinat.de\/?p=57\">Thilo Hoppe<\/a>\u00a0m\u00f6chten wir Sie einladen weitere Fragen zu der Thematik in den Kommentaren vorzuschlagen.<\/p>\n<p>Bisher haben wir folgenden Fragen f\u00fcr das Interview vorgesehen:<\/p>\n<ul id=\"internal-source-marker_0.8709873797262319\">\n<li>K\u00f6nnten Sie uns zu Beginn knapp erl\u00e4utern, was Ihre Aufgaben als Parlamentarische Staatssekret\u00e4rin im BMZ sind?<\/li>\n<li>Gibt es eine systematische Integration der Geschlechterperspektive in der Entwicklungszusammenarbeit des BMZ?<\/li>\n<li>Was versteht das BMZ unter Geschlecht?<\/li>\n<li>Wie sieht f\u00fcr das BMZ geschlechtergerechte Entwicklungszusammenarbeit aus?<\/li>\n<li>Welche Steuermechanismen hat das BMZ um geschlechtergerechte Entwicklungszusammenarbeit zu f\u00f6rdern?<\/li>\n<li>Es gibt im BMZ das Referat 204, welches unter anderem die \u201eGleichberechtigung der Geschlechter\u201c zur Aufgabe hat. Wie ist dieses Referat im Vergleich zu anderen Referaten personell und finanziell ausgestattet?<\/li>\n<li>Welche Chancen und M\u00f6glichkeiten sehen Sie in der Zukunft bez\u00fcglich geschlechtergerechter Entwicklungszusammenarbeit?<\/li>\n<\/ul>\n","protected":false},"excerpt":{"rendered":"<p>Am 28. August sprechen wir mit der Parlamentarischen Staatssekret\u00e4rin Gudrun Kopp (FDP) \u00a0des Bundesministerium f\u00fcr wirtschaftliche Zusammenarbeit und Entwicklung\u00a0\u00fcber die Bedeutung von Geschlecht in der deutschen Entwicklungszusammenarbeit. Wie bereits bei dem Interview von Thilo Hoppe\u00a0m\u00f6chten wir Sie einladen weitere Fragen &hellip; <a href=\"http:\/\/ez-und-geschlecht.podcast-kombinat.de\/?p=113\">Weiterlesen <span class=\"meta-nav\">&rarr;<\/span><\/a><\/p>\n","protected":false},"author":11,"featured_media":0,"comment_status":"open","ping_status":"open","sticky":false,"template":"","format":"standard","meta":{"footnotes":""},"categories":[4],"tags":[13,7,25,10,9,12,8,6,14],"class_list":["post-113","post","type-post","status-publish","format-standard","hentry","category-fragenkatalog","tag-bmz","tag-entwicklungszusammenarbeit","tag-fragenkatalog","tag-gender","tag-geschlecht","tag-gudrun-kopp","tag-mdb","tag-parlament","tag-staatlich"],"_links":{"self":[{"href":"http:\/\/ez-und-geschlecht.podcast-kombinat.de\/index.php?rest_route=\/wp\/v2\/posts\/113","targetHints":{"allow":["GET"]}}],"collection":[{"href":"http:\/\/ez-und-geschlecht.podcast-kombinat.de\/index.php?rest_route=\/wp\/v2\/posts"}],"about":[{"href":"http:\/\/ez-und-geschlecht.podcast-kombinat.de\/index.php?rest_route=\/wp\/v2\/types\/post"}],"author":[{"embeddable":true,"href":"http:\/\/ez-und-geschlecht.podcast-kombinat.de\/index.php?rest_route=\/wp\/v2\/users\/11"}],"replies":[{"embeddable":true,"href":"http:\/\/ez-und-geschlecht.podcast-kombinat.de\/index.php?rest_route=%2Fwp%2Fv2%2Fcomments&post=113"}],"version-history":[{"count":18,"href":"http:\/\/ez-und-geschlecht.podcast-kombinat.de\/index.php?rest_route=\/wp\/v2\/posts\/113\/revisions"}],"predecessor-version":[{"id":201,"href":"http:\/\/ez-und-geschlecht.podcast-kombinat.de\/index.php?rest_route=\/wp\/v2\/posts\/113\/revisions\/201"}],"wp:attachment":[{"href":"http:\/\/ez-und-geschlecht.podcast-kombinat.de\/index.php?rest_route=%2Fwp%2Fv2%2Fmedia&parent=113"}],"wp:term":[{"taxonomy":"category","embeddable":true,"href":"http:\/\/ez-und-geschlecht.podcast-kombinat.de\/index.php?rest_route=%2Fwp%2Fv2%2Fcategories&post=113"},{"taxonomy":"post_tag","embeddable":true,"href":"http:\/\/ez-und-geschlecht.podcast-kombinat.de\/index.php?rest_route=%2Fwp%2Fv2%2Ftags&post=113"}],"curies":[{"name":"wp","href":"https:\/\/api.w.org\/{rel}","templated":true}]}}